{"id":11584,"date":"2023-06-23T14:50:47","date_gmt":"2023-06-23T12:50:47","guid":{"rendered":"https:\/\/portours.fr\/the-festival-of-sao-joao-a-lively-eagerly-awaited-traditional-celebration\/"},"modified":"2024-02-08T11:36:02","modified_gmt":"2024-02-08T10:36:02","slug":"the-festival-of-sao-joao-a-lively-eagerly-awaited-traditional-celebration","status":"publish","type":"post","link":"https:\/\/portours.fr\/en\/the-festival-of-sao-joao-a-lively-eagerly-awaited-traditional-celebration\/","title":{"rendered":"The Festival of S\u00e3o Jo\u00e3o: A lively, eagerly awaited traditional celebration"},"content":{"rendered":"\t\t<div data-elementor-type=\"wp-post\" data-elementor-id=\"11584\" class=\"elementor elementor-11584 elementor-10453\" data-elementor-post-type=\"post\">\n\t\t\t\t\t\t<section class=\"elementor-section elementor-top-section elementor-element elementor-element-28ef702 elementor-section-boxed elementor-section-height-default elementor-section-height-default\" data-id=\"28ef702\" data-element_type=\"section\" data-e-type=\"section\">\n\t\t\t\t\t\t<div class=\"elementor-container elementor-column-gap-default\">\n\t\t\t\t\t<div class=\"elementor-column elementor-col-100 elementor-top-column elementor-element elementor-element-27b66a8\" data-id=\"27b66a8\" data-element_type=\"column\" data-e-type=\"column\">\n\t\t\t<div class=\"elementor-widget-wrap elementor-element-populated\">\n\t\t\t\t\t\t<div class=\"elementor-element elementor-element-1379790 elementor-widget elementor-widget-text-editor\" data-id=\"1379790\" data-element_type=\"widget\" data-e-type=\"widget\" data-widget_type=\"text-editor.default\">\n\t\t\t\t<div class=\"elementor-widget-container\">\n\t\t\t\t\t\t\t\t\t<p>The S\u00e3o Jo\u00e3o Festival is undoubtedly one of the most popular traditional events of the year. The fine weather is back, the sun is setting later and the heat is on: in other words, it&#8217;s the perfect atmosphere for a good-natured party. On the evening of June 23, almost anything goes! It&#8217;s even possible to hammer police officers on the head&#8230; Let us explain in a little more detail.<\/p>\n\t\t\t\t\t\t\t\t<\/div>\n\t\t\t\t<\/div>\n\t\t\t\t<div class=\"elementor-element elementor-element-f1d5cec elementor-widget elementor-widget-heading\" data-id=\"f1d5cec\" data-element_type=\"widget\" data-e-type=\"widget\" data-widget_type=\"heading.default\">\n\t\t\t\t<div class=\"elementor-widget-container\">\n\t\t\t\t\t<h2 class=\"elementor-heading-title elementor-size-default\">Origins of the S\u00e3o Jo\u00e3o<\/h2>\t\t\t\t<\/div>\n\t\t\t\t<\/div>\n\t\t\t\t<div class=\"elementor-element elementor-element-e85a7f6 elementor-widget elementor-widget-text-editor\" data-id=\"e85a7f6\" data-element_type=\"widget\" data-e-type=\"widget\" data-widget_type=\"text-editor.default\">\n\t\t\t\t<div class=\"elementor-widget-container\">\n\t\t\t\t\t\t\t\t\t<p>To fully understand this celebration, it&#8217;s essential to know its origins and meaning. It&#8217;s time for festivities to <b>commemorate the birth of Jo\u00e3o Batista<\/b> (John the Baptist), the prophet who announced the coming of Jesus Christ. Although its roots are religious, the festival&#8217;s current practices are not exclusively religious, allowing everyone, believers and non-believers alike, to take part.<\/p>\n<p>According to the Bible, Jo\u00e3o Batista was one of Christ&#8217;s 13 apostles and the one who baptized him. The bonfires lit on the evening of June 23 (a practice also found in France) symbolize light, <b>in homage to the &#8220;Light&#8221; foretold by Jo\u00e3o Batista<\/b> (who represents Jesus himself). It is also said to be a reference to the fire lit by Isabel, the prophet&#8217;s mother, as a sign of joy for Mary&#8217;s pregnancy. These two women were cousins, establishing a kinship between Christ and the prophet. Although it may seem surprising, they were both born of a miracle, six months apart.<\/p>\n<p>This is the story behind this saint, for whom Porto shines brightly once a year. However, this festival has even more distant origins, going back to <b>a pagan celebration<\/b> that marked the summer solstice and celebrated nature and the Sun God. Over time,<b> the festival has been Christianized<\/b>, retaining elements of both traditions.<\/p>\n<p>In short, these festivities are marked by history, which makes them all the more extraordinary and enjoyable.<\/p>\n\t\t\t\t\t\t\t\t<\/div>\n\t\t\t\t<\/div>\n\t\t\t\t<div class=\"elementor-element elementor-element-4492546 elementor-widget elementor-widget-image\" data-id=\"4492546\" data-element_type=\"widget\" data-e-type=\"widget\" data-widget_type=\"image.default\">\n\t\t\t\t<div class=\"elementor-widget-container\">\n\t\t\t\t\t\t\t\t\t\t\t\t<figure class=\"wp-caption\">\n\t\t\t\t\t\t\t\t\t\t\t<a href=\"https:\/\/portours.fr\/wp-content\/uploads\/2023\/06\/sj00.webp\" data-elementor-open-lightbox=\"yes\" data-elementor-lightbox-title=\"Les lampions de la S\u00e3o Jo\u00e3o\" data-e-action-hash=\"#elementor-action%3Aaction%3Dlightbox%26settings%3DeyJpZCI6MTE1MDgsInVybCI6Imh0dHBzOlwvXC9wb3J0b3Vycy5mclwvd3AtY29udGVudFwvdXBsb2Fkc1wvMjAyM1wvMDZcL3NqMDAud2VicCJ9\">\n\t\t\t\t\t\t\t<img fetchpriority=\"high\" decoding=\"async\" width=\"1000\" height=\"667\" src=\"https:\/\/portours.fr\/wp-content\/uploads\/2023\/06\/sj00.webp\" class=\"attachment-full size-full wp-image-11508\" alt=\"\" srcset=\"https:\/\/portours.fr\/wp-content\/uploads\/2023\/06\/sj00.webp 1000w, https:\/\/portours.fr\/wp-content\/uploads\/2023\/06\/sj00-300x200.webp 300w, https:\/\/portours.fr\/wp-content\/uploads\/2023\/06\/sj00-768x512.webp 768w\" sizes=\"(max-width: 1000px) 100vw, 1000px\" \/>\t\t\t\t\t\t\t\t<\/a>\n\t\t\t\t\t\t\t\t\t\t\t<figcaption class=\"widget-image-caption wp-caption-text\">S\u00e3o Jo\u00e3o lanterns<\/figcaption>\n\t\t\t\t\t\t\t\t\t\t<\/figure>\n\t\t\t\t\t\t\t\t\t<\/div>\n\t\t\t\t<\/div>\n\t\t\t\t<div class=\"elementor-element elementor-element-5fd7661 elementor-widget elementor-widget-heading\" data-id=\"5fd7661\" data-element_type=\"widget\" data-e-type=\"widget\" data-widget_type=\"heading.default\">\n\t\t\t\t<div class=\"elementor-widget-container\">\n\t\t\t\t\t<h2 class=\"elementor-heading-title elementor-size-default\">Traditional S\u00e3o Jo\u00e3o practices<\/h2>\t\t\t\t<\/div>\n\t\t\t\t<\/div>\n\t\t\t\t<div class=\"elementor-element elementor-element-c7dc9c1 elementor-widget elementor-widget-text-editor\" data-id=\"c7dc9c1\" data-element_type=\"widget\" data-e-type=\"widget\" data-widget_type=\"text-editor.default\">\n\t\t\t\t<div class=\"elementor-widget-container\">\n\t\t\t\t\t\t\t\t\t<p>So how is this long-awaited day celebrated?<\/p>\n<p>Several unique traditions make this a magical evening. It&#8217;s hard not to feel transported to another dimension, where rivalries no longer exist and everything seems to be going smoothly.  <\/p>\n<h4>Hammer blows and garlic<\/h4>\n<p>Let&#8217;s start with the most emblematic and blatant tradition: plastic hammer blows. These colorful toys are available on every street corner, giving everyone a chance to get their hands on them. The aim is to gently tap passers-by on the head in greeting. Before the introduction of plastic hammers in the 1970s, garlic stems in bloom or leek branches were used as <b>symbols of good luck and fertility<\/b>. You can still catch a glimpse of some of these traditional symbols amid the sounds of hammering and laughter from passers-by.<\/p>\n\t\t\t\t\t\t\t\t<\/div>\n\t\t\t\t<\/div>\n\t\t\t\t<div class=\"elementor-element elementor-element-f361c23 elementor-widget elementor-widget-image\" data-id=\"f361c23\" data-element_type=\"widget\" data-e-type=\"widget\" data-widget_type=\"image.default\">\n\t\t\t\t<div class=\"elementor-widget-container\">\n\t\t\t\t\t\t\t\t\t\t\t\t<figure class=\"wp-caption\">\n\t\t\t\t\t\t\t\t\t\t<img decoding=\"async\" width=\"770\" height=\"433\" src=\"https:\/\/portours.fr\/wp-content\/uploads\/2023\/06\/sj05.jpg\" class=\"attachment-full size-full wp-image-11509\" alt=\"\" srcset=\"https:\/\/portours.fr\/wp-content\/uploads\/2023\/06\/sj05.jpg 770w, https:\/\/portours.fr\/wp-content\/uploads\/2023\/06\/sj05-300x169.jpg 300w, https:\/\/portours.fr\/wp-content\/uploads\/2023\/06\/sj05-768x432.jpg 768w\" sizes=\"(max-width: 770px) 100vw, 770px\" \/>\t\t\t\t\t\t\t\t\t\t\t<figcaption class=\"widget-image-caption wp-caption-text\">Hammer blows from the S\u00e3o Jo\u00e3o<\/figcaption>\n\t\t\t\t\t\t\t\t\t\t<\/figure>\n\t\t\t\t\t\t\t\t\t<\/div>\n\t\t\t\t<\/div>\n\t\t\t\t<div class=\"elementor-element elementor-element-e8ec8d0 elementor-widget elementor-widget-text-editor\" data-id=\"e8ec8d0\" data-element_type=\"widget\" data-e-type=\"widget\" data-widget_type=\"text-editor.default\">\n\t\t\t\t<div class=\"elementor-widget-container\">\n\t\t\t\t\t\t\t\t\t<h4><span style=\"font-size: 1.5rem; color: var( --e-global-color-text );\">Barbecued sardines: the traditional S\u00e3o Jo\u00e3o dish<\/span><\/h4>\n<p>The traditional dish of the S\u00e3o Jo\u00e3o Festival is undoubtedly barbecued sardines. On this special evening, restaurants bring out their barbecues and sometimes set up large convivial tables on terraces, filling the streets of Porto with a delicious aroma. Sardines are usually accompanied by a good fino (local draught beer).  <\/p>\n<p><span style=\"color: var( --e-global-color-text );\">According to historian Joel Cleto, <\/span><b style=\"color: var( --e-global-color-text );\">this tradition was born<\/b><span style=\"color: var( --e-global-color-text );\"> when, a few years ago, a merchant set up shop in a square to sell grilled sardines <\/span><b style=\"color: var( --e-global-color-text );\">during the feast of Nosso Senhor de Matosinhos<\/b><span style=\"color: var( --e-global-color-text );\">which takes place shortly before S\u00e3o Jo\u00e3o. Such was the success of these sardines that they gradually replaced the lamb, hot bread and coffee that were once traditional dishes for this festival.  <\/span><\/p>\n\t\t\t\t\t\t\t\t<\/div>\n\t\t\t\t<\/div>\n\t\t\t\t<div class=\"elementor-element elementor-element-d0d6f84 elementor-widget elementor-widget-image\" data-id=\"d0d6f84\" data-element_type=\"widget\" data-e-type=\"widget\" data-widget_type=\"image.default\">\n\t\t\t\t<div class=\"elementor-widget-container\">\n\t\t\t\t\t\t\t\t\t\t\t\t<figure class=\"wp-caption\">\n\t\t\t\t\t\t\t\t\t\t<img decoding=\"async\" width=\"1920\" height=\"1080\" src=\"https:\/\/portours.fr\/wp-content\/uploads\/2023\/06\/sj04.jpg\" class=\"attachment-full size-full wp-image-11510\" alt=\"\" srcset=\"https:\/\/portours.fr\/wp-content\/uploads\/2023\/06\/sj04.jpg 1920w, https:\/\/portours.fr\/wp-content\/uploads\/2023\/06\/sj04-300x169.jpg 300w, https:\/\/portours.fr\/wp-content\/uploads\/2023\/06\/sj04-1024x576.jpg 1024w, https:\/\/portours.fr\/wp-content\/uploads\/2023\/06\/sj04-768x432.jpg 768w, https:\/\/portours.fr\/wp-content\/uploads\/2023\/06\/sj04-1536x864.jpg 1536w\" sizes=\"(max-width: 1920px) 100vw, 1920px\" \/>\t\t\t\t\t\t\t\t\t\t\t<figcaption class=\"widget-image-caption wp-caption-text\">S\u00e3o Jo\u00e3o grilled sardines<\/figcaption>\n\t\t\t\t\t\t\t\t\t\t<\/figure>\n\t\t\t\t\t\t\t\t\t<\/div>\n\t\t\t\t<\/div>\n\t\t\t\t<div class=\"elementor-element elementor-element-028f5bf elementor-widget elementor-widget-text-editor\" data-id=\"028f5bf\" data-element_type=\"widget\" data-e-type=\"widget\" data-widget_type=\"text-editor.default\">\n\t\t\t\t<div class=\"elementor-widget-container\">\n\t\t\t\t\t\t\t\t\t<h4><span style=\"font-size: 1.5rem; color: var( --e-global-color-text );\">Bathing: a daring tradition on S\u00e3o Jo\u00e3o Day  <\/span><\/h4>\n<p>This tradition is less widespread, but is reserved for the bravest. Water has always been a symbol of <b>purification and fertility<\/b>. Women used to bathe in it during celebrations to increase their fertility. Today, it&#8217;s mainly <b>young people who perpetuate this custom<\/b>. A salty evening dip on the beaches of Foz or Matosinhos adds a special touch to the festivities! You can also swim in the Douro. Some people even dare to jump from bridges or high ledges to add a dose of atmosphere to the party and cool off. So, are you ready for a swim?<\/p>\n\t\t\t\t\t\t\t\t<\/div>\n\t\t\t\t<\/div>\n\t\t\t\t<div class=\"elementor-element elementor-element-c01e237 elementor-widget elementor-widget-text-editor\" data-id=\"c01e237\" data-element_type=\"widget\" data-e-type=\"widget\" data-widget_type=\"text-editor.default\">\n\t\t\t\t<div class=\"elementor-widget-container\">\n\t\t\t\t\t\t\t\t\t<h4><span style=\"font-size: 1.5rem; color: var( --e-global-color-text );\">Lantern throwing (hot balloons): An enchanting S\u00e3o Jo\u00e3o tradition<\/span><\/h4>\n<p>This must be one of the finest traditions of the S\u00e3o Jo\u00e3o. On this magical evening, numerous lanterns are thrown, illuminating the sky with cascades of gold. These hot-air balloons are accessible to all, and it&#8217;s common for friends or couples to light one together. This custom is the most obvious nod to <b>the pagan festivities of yesteryear, when light and fire were celebrated<\/b>. Admittedly, it&#8217;s not as beautiful as in Rapunzel (there aren&#8217;t as many launched simultaneously), but the effect is no less grandiose.  <\/p>\n<p>However, it is important to note a few precautions. Some balloons can fall back quickly and present a potential hazard. It&#8217;s also worth mentioning that lantern throwing also generates a form of pollution. That&#8217;s why it&#8217;s essential to be <b>responsible<\/b> during this activity.<\/p>\n<p>Despite these considerations, lantern throwing remains a magical and captivating experience on S\u00e3o Jo\u00e3o.<\/p>\n\t\t\t\t\t\t\t\t<\/div>\n\t\t\t\t<\/div>\n\t\t\t\t<div class=\"elementor-element elementor-element-e71de2f elementor-widget elementor-widget-image\" data-id=\"e71de2f\" data-element_type=\"widget\" data-e-type=\"widget\" data-widget_type=\"image.default\">\n\t\t\t\t<div class=\"elementor-widget-container\">\n\t\t\t\t\t\t\t\t\t\t\t\t<figure class=\"wp-caption\">\n\t\t\t\t\t\t\t\t\t\t<img loading=\"lazy\" decoding=\"async\" width=\"744\" height=\"495\" src=\"https:\/\/portours.fr\/wp-content\/uploads\/2023\/06\/sj06.jpg\" class=\"attachment-full size-full wp-image-11511\" alt=\"\" srcset=\"https:\/\/portours.fr\/wp-content\/uploads\/2023\/06\/sj06.jpg 744w, https:\/\/portours.fr\/wp-content\/uploads\/2023\/06\/sj06-300x200.jpg 300w\" sizes=\"(max-width: 744px) 100vw, 744px\" \/>\t\t\t\t\t\t\t\t\t\t\t<figcaption class=\"widget-image-caption wp-caption-text\">The S\u00e3o Jo\u00e3o Lantern Festival<\/figcaption>\n\t\t\t\t\t\t\t\t\t\t<\/figure>\n\t\t\t\t\t\t\t\t\t<\/div>\n\t\t\t\t<\/div>\n\t\t\t\t<div class=\"elementor-element elementor-element-9c5f4d0 elementor-widget elementor-widget-text-editor\" data-id=\"9c5f4d0\" data-element_type=\"widget\" data-e-type=\"widget\" data-widget_type=\"text-editor.default\">\n\t\t\t\t<div class=\"elementor-widget-container\">\n\t\t\t\t\t\t\t\t\t<h4><span style=\"font-size: 1.5rem; color: var( --e-global-color-text );\">Porto fireworks: A breathtaking spectacle not to be missed<\/span><\/h4>\n<div>We couldn&#8217;t write this article without mentioning Porto&#8217;s extraordinary fireworks display. This tradition, like that of lanterns, pays homage to the pagan festivities that celebrated light. The fireworks start at midnight and usually last 20 minutes, and can be seen from anywhere in the city.  <\/div>\n<p><span style=\"color: var( --e-global-color-text );\">The crowd gathers and waits patiently to be dazzled by the colorful lights that set the sky ablaze. From then on, smiles lit up faces and eyes sparkled as the light illuminated the entire sky. Sometimes, it even seems that our vision isn&#8217;t wide enough to see the lights as a whole.  <\/span><\/p>\n\t\t\t\t\t\t\t\t<\/div>\n\t\t\t\t<\/div>\n\t\t\t\t<div class=\"elementor-element elementor-element-7a275b5 elementor-widget elementor-widget-image\" data-id=\"7a275b5\" data-element_type=\"widget\" data-e-type=\"widget\" data-widget_type=\"image.default\">\n\t\t\t\t<div class=\"elementor-widget-container\">\n\t\t\t\t\t\t\t\t\t\t\t\t<figure class=\"wp-caption\">\n\t\t\t\t\t\t\t\t\t\t<img loading=\"lazy\" decoding=\"async\" width=\"820\" height=\"348\" src=\"https:\/\/portours.fr\/wp-content\/uploads\/2023\/06\/sj07.jpg\" class=\"attachment-full size-full wp-image-11512\" alt=\"\" srcset=\"https:\/\/portours.fr\/wp-content\/uploads\/2023\/06\/sj07.jpg 820w, https:\/\/portours.fr\/wp-content\/uploads\/2023\/06\/sj07-300x127.jpg 300w, https:\/\/portours.fr\/wp-content\/uploads\/2023\/06\/sj07-768x326.jpg 768w\" sizes=\"(max-width: 820px) 100vw, 820px\" \/>\t\t\t\t\t\t\t\t\t\t\t<figcaption class=\"widget-image-caption wp-caption-text\">S\u00e3o Jo\u00e3o fireworks in Porto<\/figcaption>\n\t\t\t\t\t\t\t\t\t\t<\/figure>\n\t\t\t\t\t\t\t\t\t<\/div>\n\t\t\t\t<\/div>\n\t\t\t\t<div class=\"elementor-element elementor-element-7fe327c elementor-widget elementor-widget-text-editor\" data-id=\"7fe327c\" data-element_type=\"widget\" data-e-type=\"widget\" data-widget_type=\"text-editor.default\">\n\t\t\t\t<div class=\"elementor-widget-container\">\n\t\t\t\t\t\t\t\t\t<p>For all those who have read the article so far, here&#8217;s a bonus: we&#8217;re going to share with you&nbsp; the best spots, in our opinion, to enjoy the fireworks.<\/p>\n<ul>\n<li><b>La Ribeira<\/b>: Whether you&#8217;re in Porto or Vila Nova de Gaia,&nbsp; will put you right under the fireworks, and your heart will beat to the rhythm of the explosions. There&#8217;s no better way to get the full experience. But beware of the crowds!<\/li>\n<li><b>Fontainhas<\/b>: This district of Porto is a little further away from the fireworks, but offers an equally magnificent view. Although it&#8217;s less crowded than the Ribeira, the crowds are still dense.<\/li>\n<li><b>Jardim do Morro<\/b>: This garden, located in Vila Nova de Gaia, offers a panoramic view of the Douro as it winds its way between the docks. The good news is that it&#8217;s precisely opposite the Luis I Bridge, from where the fireworks will be fired!&nbsp;<\/li>\n<li><b>Virtudes<\/b>: For those who want to see the show from a little further away and with fewer crowds, the Virtudes garden is the ideal place. There&#8217;s a beautiful view of the Douro and you can also watch the sky being illuminated.<\/li>\n<\/ul>\t\t\t\t\t\t\t\t<\/div>\n\t\t\t\t<\/div>\n\t\t\t\t<div class=\"elementor-element elementor-element-00ef145 elementor-widget elementor-widget-text-editor\" data-id=\"00ef145\" data-element_type=\"widget\" data-e-type=\"widget\" data-widget_type=\"text-editor.default\">\n\t\t\t\t<div class=\"elementor-widget-container\">\n\t\t\t\t\t\t\t\t\t<h4>Concerts and dance<\/h4>\n<p>To enjoy the S\u00e3o Jo\u00e3o, there&#8217;s no need to follow a specific schedule! Just stroll through the streets of Porto. A small stage is set up in each of the city&#8217;s neighborhoods to host music groups. The mood is set by traditional Portuguese pimba music. Sometimes it&#8217;s even the locals who put on the show from their balconies. Believe us, you won&#8217;t be able to resist the rhythm! Dance and song are key elements of this celebration.  <\/p>\n\t\t\t\t\t\t\t\t<\/div>\n\t\t\t\t<\/div>\n\t\t\t\t<div class=\"elementor-element elementor-element-7859d9b elementor-widget elementor-widget-image\" data-id=\"7859d9b\" data-element_type=\"widget\" data-e-type=\"widget\" data-widget_type=\"image.default\">\n\t\t\t\t<div class=\"elementor-widget-container\">\n\t\t\t\t\t\t\t\t\t\t\t\t<figure class=\"wp-caption\">\n\t\t\t\t\t\t\t\t\t\t<img loading=\"lazy\" decoding=\"async\" width=\"1024\" height=\"576\" src=\"https:\/\/portours.fr\/wp-content\/uploads\/2023\/04\/sj01.jpg\" class=\"attachment-full size-full wp-image-11506\" alt=\"\" srcset=\"https:\/\/portours.fr\/wp-content\/uploads\/2023\/04\/sj01.jpg 1024w, https:\/\/portours.fr\/wp-content\/uploads\/2023\/04\/sj01-300x169.jpg 300w, https:\/\/portours.fr\/wp-content\/uploads\/2023\/04\/sj01-768x432.jpg 768w\" sizes=\"(max-width: 1024px) 100vw, 1024px\" \/>\t\t\t\t\t\t\t\t\t\t\t<figcaption class=\"widget-image-caption wp-caption-text\">S\u00e3o Jo\u00e3o \u00e0 la Ribeira<\/figcaption>\n\t\t\t\t\t\t\t\t\t\t<\/figure>\n\t\t\t\t\t\t\t\t\t<\/div>\n\t\t\t\t<\/div>\n\t\t\t\t<div class=\"elementor-element elementor-element-a7b08de elementor-widget elementor-widget-heading\" data-id=\"a7b08de\" data-element_type=\"widget\" data-e-type=\"widget\" data-widget_type=\"heading.default\">\n\t\t\t\t<div class=\"elementor-widget-container\">\n\t\t\t\t\t<h2 class=\"elementor-heading-title elementor-size-default\">Our tips for enjoying the S\u00e3o Jo\u00e3o  <\/h2>\t\t\t\t<\/div>\n\t\t\t\t<\/div>\n\t\t\t\t<div class=\"elementor-element elementor-element-7f8a7cb elementor-widget elementor-widget-text-editor\" data-id=\"7f8a7cb\" data-element_type=\"widget\" data-e-type=\"widget\" data-widget_type=\"text-editor.default\">\n\t\t\t\t<div class=\"elementor-widget-container\">\n\t\t\t\t\t\t\t\t\t<h4>Choose comfortable shoes  <\/h4>\n<p>Porto&#8217;s streets are far from uniform and are often cobbled (difficult to walk in heels). What&#8217;s more, you&#8217;re likely to get carried away by the atmosphere and the crowds, and without realizing it, the kilometers will be swallowed up quickly.  <\/p>\n<h4>Favour public transport  <\/h4>\n<p>As in any festive city, car traffic is restricted. To avoid problems finding a parking space, we recommend using public transport, especially the metro. On this night in particular, they run all night long to make it easier for you to get around.<\/p>\n<h4>Watch out for the Atlantic breeze!  <\/h4>\n<p>Nights in Porto can be chilly, especially when you get away from the crowds or when the festivities come to an end. So pack a light jacket or vest!<\/p>\n<h4>Last but not least  <\/h4>\n<p>Grab a hammer and become a kid again for an evening. There&#8217;s nothing like getting caught up in the game.<\/p>\n\t\t\t\t\t\t\t\t<\/div>\n\t\t\t\t<\/div>\n\t\t\t\t<div class=\"elementor-element elementor-element-508fc25 elementor-widget elementor-widget-heading\" data-id=\"508fc25\" data-element_type=\"widget\" data-e-type=\"widget\" data-widget_type=\"heading.default\">\n\t\t\t\t<div class=\"elementor-widget-container\">\n\t\t\t\t\t<h2 class=\"elementor-heading-title elementor-size-default\">What are you doing to celebrate S\u00e3o Jo\u00e3o?<\/h2>\t\t\t\t<\/div>\n\t\t\t\t<\/div>\n\t\t\t\t<div class=\"elementor-element elementor-element-01e412f elementor-widget elementor-widget-text-editor\" data-id=\"01e412f\" data-element_type=\"widget\" data-e-type=\"widget\" data-widget_type=\"text-editor.default\">\n\t\t\t\t<div class=\"elementor-widget-container\">\n\t\t\t\t\t\t\t\t\t<p>Thanks to this article, you now have a thorough understanding of the traditions and significance of S\u00e3o Jo\u00e3o. This emblematic festival is a symbol of fertility and love, the same aspects that were already celebrated in ancient times by pagans at the summer solstice (Litha).  <\/p>\n<p>Celebrating the birth of Jo\u00e3o Batista and honoring the light, S\u00e3o Jo\u00e3o has preserved its religious heritage while embracing new festive practices. From hammer blows and grilled sardines to refreshing dips and lantern tosses, every tradition adds a touch of magic to this exceptional night.<\/p>\n<p>Whether you&#8217;re a local resident or an avid traveler, Porto&#8217;s S\u00e3o Jo\u00e3o offers an ideal opportunity to immerse yourself in Portuguese culture and tradition. Let yourself be carried away by the festive energy, dance to the rhythm of pimba music and create lasting memories.  <\/p>\n<p>What about you? Where will you be to celebrate S\u00e3o Jo\u00e3o? What are your habits during this spectacular celebration?<\/p>\n\t\t\t\t\t\t\t\t<\/div>\n\t\t\t\t<\/div>\n\t\t\t\t<div class=\"elementor-element elementor-element-262ae81 elementor-widget elementor-widget-text-editor\" data-id=\"262ae81\" data-element_type=\"widget\" data-e-type=\"widget\" data-widget_type=\"text-editor.default\">\n\t\t\t\t<div class=\"elementor-widget-container\">\n\t\t\t\t\t\t\t\t\t<h4>Nell Morin<\/h4>\n\t\t\t\t\t\t\t\t<\/div>\n\t\t\t\t<\/div>\n\t\t\t\t<div class=\"elementor-element elementor-element-f53927e elementor-widget-divider--view-line elementor-widget elementor-widget-divider\" data-id=\"f53927e\" data-element_type=\"widget\" data-e-type=\"widget\" data-widget_type=\"divider.default\">\n\t\t\t\t<div class=\"elementor-widget-container\">\n\t\t\t\t\t\t\t<div class=\"elementor-divider\">\n\t\t\t<span class=\"elementor-divider-separator\">\n\t\t\t\t\t\t<\/span>\n\t\t<\/div>\n\t\t\t\t\t\t<\/div>\n\t\t\t\t<\/div>\n\t\t\t\t\t<\/div>\n\t\t<\/div>\n\t\t\t\t\t<\/div>\n\t\t<\/section>\n\t\t\t\t<\/div>\n\t\t","protected":false},"excerpt":{"rendered":"<p>The S\u00e3o Jo\u00e3o Festival is undoubtedly one of the most popular traditional events of the year. The fine weather is back, the sun is setting later and the heat is on: in other words, it&#8217;s the perfect atmosphere for a good-natured party. On the evening of June 23, almost anything goes! It&#8217;s even possible to [&hellip;]<\/p>\n","protected":false},"author":3,"featured_media":11507,"comment_status":"open","ping_status":"open","sticky":false,"template":"","format":"standard","meta":{"footnotes":""},"categories":[117],"tags":[118,120,109,113,119],"class_list":["post-11584","post","type-post","status-publish","format-standard","has-post-thumbnail","hentry","category-traditions-en","tag-history","tag-party","tag-porto-en","tag-portugal-en","tag-sao-joao-en"],"_links":{"self":[{"href":"https:\/\/portours.fr\/en\/wp-json\/wp\/v2\/posts\/11584","targetHints":{"allow":["GET"]}}],"collection":[{"href":"https:\/\/portours.fr\/en\/wp-json\/wp\/v2\/posts"}],"about":[{"href":"https:\/\/portours.fr\/en\/wp-json\/wp\/v2\/types\/post"}],"author":[{"embeddable":true,"href":"https:\/\/portours.fr\/en\/wp-json\/wp\/v2\/users\/3"}],"replies":[{"embeddable":true,"href":"https:\/\/portours.fr\/en\/wp-json\/wp\/v2\/comments?post=11584"}],"version-history":[{"count":3,"href":"https:\/\/portours.fr\/en\/wp-json\/wp\/v2\/posts\/11584\/revisions"}],"predecessor-version":[{"id":11587,"href":"https:\/\/portours.fr\/en\/wp-json\/wp\/v2\/posts\/11584\/revisions\/11587"}],"wp:featuredmedia":[{"embeddable":true,"href":"https:\/\/portours.fr\/en\/wp-json\/wp\/v2\/media\/11507"}],"wp:attachment":[{"href":"https:\/\/portours.fr\/en\/wp-json\/wp\/v2\/media?parent=11584"}],"wp:term":[{"taxonomy":"category","embeddable":true,"href":"https:\/\/portours.fr\/en\/wp-json\/wp\/v2\/categories?post=11584"},{"taxonomy":"post_tag","embeddable":true,"href":"https:\/\/portours.fr\/en\/wp-json\/wp\/v2\/tags?post=11584"}],"curies":[{"name":"wp","href":"https:\/\/api.w.org\/{rel}","templated":true}]}}